{"id":598,"date":"2020-03-24T21:11:44","date_gmt":"2020-03-24T19:11:44","guid":{"rendered":"https:\/\/www.elamankipina.com\/suomineito2020\/?p=598"},"modified":"2020-03-24T21:11:44","modified_gmt":"2020-03-24T19:11:44","slug":"luontoa-kunnioittaen","status":"publish","type":"post","link":"https:\/\/www.elamankipina.com\/suomineito2020\/2020\/03\/24\/luontoa-kunnioittaen\/","title":{"rendered":"Luontoa kunnioittaen"},"content":{"rendered":"\n<p>Olemme\nhiihdelleet Sodankyl\u00e4st\u00e4 kohti Vuotsoa ja maisemat ovat olleet kovin soisia,\nlaajoja avosoita on riitt\u00e4nyt ja riitt\u00e4nyt. Meit\u00e4 ihastuttavat metsik\u00f6iden kapeat\nSiperian-kuuset, joita my\u00f6s kynttil\u00e4kuusiksi sanotaan. Niiden taipuisat oksat\nkest\u00e4v\u00e4t pohjoisen painavia lumikuormia katkeamatta.<\/p>\n\n\n\n<p>T\u00e4n\u00e4\u00e4n n\u00e4imme my\u00f6s Sompion luonnonpuiston tuntureita ja huomenna suuntaamme Saarisel\u00e4n maisemiin.<\/p>\n\n\n\n<p>Olemme saaneet t\u00e4ll\u00e4 pitk\u00e4ll\u00e4 retkell\u00e4 lukuisia kohtaamisia ihanien ihmisten kanssa sek\u00e4 hienoja luontokokemuksia.<\/p>\n\n\n\n<p>Eilen saukko puuhaili purossa ja maakotka lensi matalalla taukopaikan yli, lapintiaiset ja kuukkelit sek\u00e4 riekkojen \u00e4\u00e4nekk\u00e4\u00e4t pakolennot v\u00e4ritt\u00e4v\u00e4t n\u00e4it\u00e4 nautittavia hiihtop\u00e4ivi\u00e4. Yksi kaveri on ollut seurassamme koko matkan &#8211; j\u00e4nis, perusel\u00e4in. Se on selviytyj\u00e4 kaikissa oloissa ja koko maassa. Sen j\u00e4lki\u00e4 n\u00e4emme koko ajan, joka paikassa. <br>Meill\u00e4kin on matkakaverina J\u00e4nis, tosin se matkustaa p\u00e4\u00e4asiassa nen\u00e4kannun ja ysk\u00e4nl\u00e4\u00e4kkeen kanssa samassa pussissa. Lopussa v\u00e4h\u00e4n lis\u00e4\u00e4 t\u00e4st\u00e4 kaverista.<br> <br>Meid\u00e4n retki on nyt kest\u00e4nyt kaksi kuukautta ja olemme pohdintojen kautta tulleet siihen tulokseen, ett\u00e4 se on nyt riitt\u00e4v\u00e4 aika t\u00e4ss\u00e4 poikkeuksellisessa tilanteessa. Vaikka retki nyt loppuu, niin olemme saaneet silt\u00e4 huimia kokemuksia ja se on tarjonnut meille mielenkiintoisia yll\u00e4tyksi\u00e4 joka p\u00e4iv\u00e4.<br> <br>Seuraamme tiiviisti ohjeistuksia ja p\u00e4\u00e4t\u00f6s keskeytt\u00e4misest\u00e4 oli lopulta helppo. Mets\u00e4hallitus kehotti tiedotteessaan 23.3.2020 v\u00e4ltt\u00e4m\u00e4\u00e4n pitki\u00e4 maastoretki\u00e4 sek\u00e4 retki\u00e4 kauas maastoon. Meid\u00e4nkin loppumatka olisi ollut juuri sellainen kolmeviikkoinen retki. <\/p>\n\n\n\n<p>Mets\u00e4hallituksen ohje on, ett\u00e4 kaikkien tulee seurata Suomen hallituksen antamia matkustusohjeita ja &#8211; m\u00e4\u00e4r\u00e4yksi\u00e4 ja toimia niiden mukaan. N\u00e4in mekin toimimme ja toivomme sit\u00e4 muiltakin retkeilij\u00f6ilt\u00e4.<br> <br>Olemme viel\u00e4 perjantaihin asti liikkeell\u00e4 maastossa ja sen j\u00e4lkeen kotimatkalla. P\u00e4ivittelemme blogia jatkossa ja kokoamme v\u00e4h\u00e4n ajatuksia &#8211; pysyk\u00e4\u00e4 linjalla. <\/p>\n\n\n\n<p>Jaksamista\nteille kaikille ja kiitokset taas mukanaolosta reissussamme.<\/p>\n\n\n\n<p><strong>J\u00e4nis<\/strong><\/p>\n\n\n\n<p>Mukana matkassa\non my\u00f6s yst\u00e4v\u00e4mme J\u00e4nis (<em>Lepus timidus).<\/em><em> <\/em>Se on ihka oikea mets\u00e4j\u00e4nis,\nei pellonreunojen kasvattina tunnettu sukulaisensa Rusakko. J\u00e4nis loikkasi\nmatkaamme Arktisen museo Nanoqin tiskilt\u00e4, jossa oli vain odotellut sopivaa\nreissukaveria, kaltaistansa peruskulkijaa. <\/p>\n\n\n\n<p>J\u00e4nis on\nsiit\u00e4 mukava el\u00e4in, ett\u00e4 se viihtyy metsiss\u00e4 ymp\u00e4ri vuoden ja on sopeutunut sinne\nniin pitk\u00e4lle, ett\u00e4 karvakin vaihtuu talvella maaston v\u00e4riseksi, siihen me emme\nviel\u00e4 yll\u00e4. Nykyj\u00e4nikset viihtyv\u00e4t kyll\u00e4 v\u00e4h\u00e4n kulturellimmissakin maisemissa ja\nvaatimukset kotonurkista eiv\u00e4t ole kovinkaan tarkkoja. Perustyypit ovat kuitenkin\nmetsien J\u00e4niksi\u00e4.<\/p>\n\n\n\n<p>J\u00e4nish\u00e4n on\ntuollainen melko pitk\u00e4 elukka, jopa 60 cm ja painoa on kaikenn\u00e4k\u00f6isell\u00e4 risu-,\nvarpu- ja puunkuoriev\u00e4ill\u00e4 kertynyt muutaman kilon verran, joskus viisikin\nkiloa! Onkin hyv\u00e4, ett\u00e4 sill\u00e4 on tuollaiset lumikengiksi levitett\u00e4v\u00e4t\ntakajalat, muuten voisi vain korvien mustat k\u00e4rjet vilkkua lumihangessa\nloikkiessa. Lumia sekin odottelee, kun tuo v\u00e4ritys ei ole mik\u00e4\u00e4n turvav\u00e4ri\nlumettomissa mettiss\u00e4 \u2013 v\u00e4h\u00e4n huolestuttaa sen kaunis ja n\u00e4ytt\u00e4v\u00e4 talviasu\nn\u00e4in\u00e4 kuuluisina ilmastonmuutoksen aikoina.<\/p>\n\n\n\n<p>J\u00e4nis on\nsellainen koko Suomen el\u00e4j\u00e4 ja voi tehd\u00e4 pitki\u00e4kin vaelluksia, sill\u00e4 se varmaan\nmeid\u00e4nkin matkaan itsens\u00e4 j\u00e4rjesti. J\u00e4nis kyll\u00e4 makoilee p\u00e4iv\u00e4t, mukavan\nkevyesti turvallisessa suojapaikassaan varustekassissa, s\u00e4\u00e4stelen voimia\ny\u00f6juoksuille, y\u00f6el\u00e4in kun on. Talviunille ei J\u00e4nis taivu, k\u00e4p\u00e4l\u00e4t viev\u00e4t kes\u00e4t\ntalvet.<\/p>\n\n\n\n<p>Toivottavasti\nmatkaseuralaisemme pysyy mukana silloinkin, kun luonto alkaa polttamaan\nk\u00e4p\u00e4lien alla. Y\u00f6juoksut kiihtyv\u00e4t siin\u00e4 helmikuulla ja jatkuvat elokuuhun\nasti! Silloin on kyll\u00e4 vaarana, ett\u00e4 alkaa oma laji kiinnostaa enemm\u00e4n kuin\nt\u00e4llaisten perusnaisten retkeilyt. Luonto vie kovaa muutaman kerran vuodessa ja\nvarmaan moni pitk\u00e4korva j\u00e4\u00e4 kaipaamaan pietarsaarelaista kulkijaa.<\/p>\n\n\n\n<p>On se\nJ\u00e4niksen el\u00e4m\u00e4 vaihtelevaa ja vaarallista. Hyv\u00e4lihaisena se on monille mieluisa\nkaveri, jota ei kaverille j\u00e4tet\u00e4. Me kaksijalkaiset kulkijat verotamme kantaa\naika raskaalla k\u00e4dell\u00e4 vuosittain ja kyll\u00e4 sille on ottajia siell\u00e4 omissa\nmets\u00e4piireiss\u00e4kin. Onneksi J\u00e4nis on vikkel\u00e4 jaloistaan ja voi pinkaista reilua\nkuuttakymppi\u00e4kin, kun paikat k\u00e4yv\u00e4t ahtaaksi. Tarpeen vaatiessa se ottaa\nkengurumaisen otteen eli alkaa potkia ja nyrkkeill\u00e4 henkens\u00e4 pitimiksi ja onpa\nsen kuultu ahdisteltuna kiljuvankin. Toivottavasti kaikki sujuu kuitenkin ilman\nerimielisyyksi\u00e4 ja turhaa kirkumista, hiljakseen vaan hiihdell\u00e4\u00e4n.<\/p>\n\n\n\n<p>T\u00e4ss\u00e4p\u00e4\nmeill\u00e4 oiva er\u00e4toveri!<\/p>\n","protected":false},"excerpt":{"rendered":"<p>Olemme hiihdelleet Sodankyl\u00e4st\u00e4 kohti Vuotsoa ja maisemat ovat olleet kovin soisia, laajoja avosoita on riitt\u00e4nyt ja riitt\u00e4nyt. Meit\u00e4 ihastuttavat metsik\u00f6iden&hellip;<\/p>\n","protected":false},"author":1,"featured_media":0,"comment_status":"open","ping_status":"open","sticky":false,"template":"","format":"standard","meta":[],"categories":[1],"tags":[],"_links":{"self":[{"href":"https:\/\/www.elamankipina.com\/suomineito2020\/wp-json\/wp\/v2\/posts\/598"}],"collection":[{"href":"https:\/\/www.elamankipina.com\/suomineito2020\/wp-json\/wp\/v2\/posts"}],"about":[{"href":"https:\/\/www.elamankipina.com\/suomineito2020\/wp-json\/wp\/v2\/types\/post"}],"author":[{"embeddable":true,"href":"https:\/\/www.elamankipina.com\/suomineito2020\/wp-json\/wp\/v2\/users\/1"}],"replies":[{"embeddable":true,"href":"https:\/\/www.elamankipina.com\/suomineito2020\/wp-json\/wp\/v2\/comments?post=598"}],"version-history":[{"count":3,"href":"https:\/\/www.elamankipina.com\/suomineito2020\/wp-json\/wp\/v2\/posts\/598\/revisions"}],"predecessor-version":[{"id":601,"href":"https:\/\/www.elamankipina.com\/suomineito2020\/wp-json\/wp\/v2\/posts\/598\/revisions\/601"}],"wp:attachment":[{"href":"https:\/\/www.elamankipina.com\/suomineito2020\/wp-json\/wp\/v2\/media?parent=598"}],"wp:term":[{"taxonomy":"category","embeddable":true,"href":"https:\/\/www.elamankipina.com\/suomineito2020\/wp-json\/wp\/v2\/categories?post=598"},{"taxonomy":"post_tag","embeddable":true,"href":"https:\/\/www.elamankipina.com\/suomineito2020\/wp-json\/wp\/v2\/tags?post=598"}],"curies":[{"name":"wp","href":"https:\/\/api.w.org\/{rel}","templated":true}]}}